{"id":53,"date":"2026-03-13T00:01:00","date_gmt":"2026-03-13T03:01:00","guid":{"rendered":"https:\/\/rafadutra.com.br\/blog\/?p=53"},"modified":"2026-03-13T12:32:28","modified_gmt":"2026-03-13T15:32:28","slug":"prazer-rafa-dutra","status":"publish","type":"post","link":"https:\/\/rafadutra.com.br\/blog\/2026\/03\/13\/prazer-rafa-dutra\/","title":{"rendered":"Prazer, Rafa Dutra!"},"content":{"rendered":"\n<figure class=\"wp-block-image size-large\"><img loading=\"lazy\" decoding=\"async\" width=\"1024\" height=\"427\" src=\"https:\/\/rafadutra.com.br\/blog\/wp-content\/uploads\/2026\/02\/@salaabc-14-1024x427.png\" alt=\"\" class=\"wp-image-133\" srcset=\"https:\/\/rafadutra.com.br\/blog\/wp-content\/uploads\/2026\/02\/@salaabc-14-1024x427.png 1024w, https:\/\/rafadutra.com.br\/blog\/wp-content\/uploads\/2026\/02\/@salaabc-14-300x125.png 300w, https:\/\/rafadutra.com.br\/blog\/wp-content\/uploads\/2026\/02\/@salaabc-14-768x320.png 768w, https:\/\/rafadutra.com.br\/blog\/wp-content\/uploads\/2026\/02\/@salaabc-14.png 1200w\" sizes=\"auto, (max-width: 709px) 85vw, (max-width: 909px) 67vw, (max-width: 1362px) 62vw, 840px\" \/><\/figure>\n\n\n\n<p>Penso ser de bom tom me apresentar, embora essa sempre seja uma tarefa mais dif\u00edcil do que parece. Poderia simplesmente colocar meu curr\u00edculo ou o link do meu Lattes (<em>que est\u00e1 todo desatualizado<\/em>), mas acho que este n\u00e3o \u00e9 o caminho.&nbsp;<\/p>\n\n\n\n<p>J\u00e1 que estamos no meu blog, quero contar que meu &#8220;primeiro texto&#8221; foi uma carta escrita para minha m\u00e3e aos 9 anos de idade e que tenho guardada at\u00e9 hoje. Aos 17, tive minha primeira publica\u00e7\u00e2o em um livro, uma poesia com a qual venci o concurso de poesias da escola.<\/p>\n\n\n\n<p>J\u00e1 tive blogs de cunho mais pessoal e outros mais profissionais, nenhum existe mais. Academicamente tenho poucos artigos em coautoria, um cap\u00edtulo de livro e um texto em uma revista. Nunca me dediquei a isso, embora hoje penso que deveria ter me dedicado.&nbsp;&nbsp;<\/p>\n\n\n\n<p>Desde os 15 anos falava em fazer Psicologia, embora n\u00e3o sabia exatamente o que isso significava. Aos 17 entrei na faculdade, aos 19 fiz meu primeiro atendimento e aos 22 peguei meu CRP e comecei uma jornada que j\u00e1 tem 19 anos de hist\u00f3ria.&nbsp;<\/p>\n\n\n\n<p>Como psic\u00f3logo, trabalhei com esporte, trabalhei em escolas, e atualmente trabalho no consult\u00f3rio com Cl\u00ednica e Orienta\u00e7\u00e3o Profissional, al\u00e9m de ser professor universit\u00e1rio e de ter criado e participar de alguns projetos de forma\u00e7\u00e3o em Psicologia.&nbsp;<\/p>\n\n\n\n<p>Sou especialista em Psicologia Escolar e em Psicologia Cl\u00ednica, e meu mestrado fiz na Educa\u00e7\u00e3o, pesquisei sobre Educa\u00e7\u00e3o em Direitos Humanos sob a orienta\u00e7\u00e3o da Profa. Roseli Fishmann, minha disserta\u00e7\u00e3o teve como t\u00edtulo: &#8220;<em>Escolas, desigualdades e diversidades: di\u00e1logos entre a dimens\u00e3o subjetiva dos Direitos Humanos e a Educa\u00e7\u00e3o<\/em>&#8220;.\u00a0<\/p>\n\n\n\n<p>Minha forma\u00e7\u00e3o pol\u00edtica se deu no Movimento Estudantil e nas entidades da Psicologia, Centro Acad\u00eamico, COREP-SP, CRP SP e ABEP, estar nesses espa\u00e7os fez total diferen\u00e7a na minha forma\u00e7\u00e3o e na minha constru\u00e7\u00e3o enquanto psic\u00f3logo e enquanto gente.&nbsp;<\/p>\n\n\n\n<p>Encontrei na interface entre a Psicologia, a Cl\u00ednica e a Educa\u00e7\u00e3o o caminho que me faz sentido e que tenho trilhado at\u00e9 aqui. O projeto do <strong>c<\/strong>ompromisso social da Psicologia e o posicionamento \u00e9tico-pol\u00edtico alinhado aos Direitos Humanos constroem os alicerces que estruturam minha percep\u00e7\u00e3o sobre a rela\u00e7\u00e3o Psicologia e Sociedade.&nbsp;<\/p>\n\n\n\n<p>No mundo psi, uma curiosidade comum \u00e9 sobre &#8220;<em>qual abordagem te\u00f3rica<\/em>&#8221; orienta o nosso trabalho. Eu trabalho a partir da Psicologia S\u00f3cio-Hist\u00f3rica, uma perspectiva te\u00f3rica brasileira que constr\u00f3i di\u00e1logos a partir da Psicologia sovi\u00e9tica e latino-americana.&nbsp;<\/p>\n\n\n\n<p>Em 2017 fundei a <strong>Sala ABC &#8211; <em>coworking psi<\/em><\/strong>, um espa\u00e7o de consult\u00f3rios compartilhados especializado para psic\u00f3logas, que al\u00e9m das salas de atendimento tem um projeto muito bacana de forma\u00e7\u00e3o e constru\u00e7\u00e3o de rede.<\/p>\n\n\n\n<p>Depois, em 2019 fundei, junto com o amigo Jean Fernando, o <strong>IP.abc &#8211; Instituto de Psicologia do Grande ABC<\/strong> e desde 2024 criamos a &#8220;<strong>Escola Livre de Psicologia<\/strong>&#8221; que oferece cursos gratuitos dentro de uma proposta de forma\u00e7\u00e3o cr\u00edtica em Psicologia toda semana.&nbsp;<\/p>\n\n\n\n<p>Me tornei um profissional m\u00faltiplo, e tamb\u00e9m uma pessoa de m\u00faltiplos interesses, escrever sempre foi um deles. Aos poucos voc\u00eas poder\u00e3o me conhecer mais, mas vamos um texto de cada vez.&nbsp;<\/p>\n\n\n\n<p>Muito prazer.<br>E obrigado por estar aqui!\u00a0<\/p>\n\n\n\n<p>Forte Abra\u00e7o!<br>Rafa Dutra&nbsp;<\/p>\n\n\n\n<p><\/p>\n","protected":false},"excerpt":{"rendered":"<p>Penso ser de bom tom me apresentar, embora essa sempre seja uma tarefa mais dif\u00edcil do que parece. Poderia simplesmente colocar meu curr\u00edculo ou o link do meu Lattes (que est\u00e1 todo desatualizado), mas acho que este n\u00e3o \u00e9 o caminho.&nbsp; J\u00e1 que estamos no meu blog, quero contar que meu &#8220;primeiro texto&#8221; foi uma &hellip; <a href=\"https:\/\/rafadutra.com.br\/blog\/2026\/03\/13\/prazer-rafa-dutra\/\" class=\"more-link\">Continuar a ler<span class=\"screen-reader-text\"> &#8220;Prazer, Rafa Dutra!&#8221;<\/span><\/a><\/p>\n","protected":false},"author":1,"featured_media":0,"comment_status":"open","ping_status":"open","sticky":false,"template":"","format":"standard","meta":{"footnotes":""},"categories":[10],"tags":[],"class_list":["post-53","post","type-post","status-publish","format-standard","hentry","category-rafa-dutra"],"_links":{"self":[{"href":"https:\/\/rafadutra.com.br\/blog\/wp-json\/wp\/v2\/posts\/53","targetHints":{"allow":["GET"]}}],"collection":[{"href":"https:\/\/rafadutra.com.br\/blog\/wp-json\/wp\/v2\/posts"}],"about":[{"href":"https:\/\/rafadutra.com.br\/blog\/wp-json\/wp\/v2\/types\/post"}],"author":[{"embeddable":true,"href":"https:\/\/rafadutra.com.br\/blog\/wp-json\/wp\/v2\/users\/1"}],"replies":[{"embeddable":true,"href":"https:\/\/rafadutra.com.br\/blog\/wp-json\/wp\/v2\/comments?post=53"}],"version-history":[{"count":4,"href":"https:\/\/rafadutra.com.br\/blog\/wp-json\/wp\/v2\/posts\/53\/revisions"}],"predecessor-version":[{"id":186,"href":"https:\/\/rafadutra.com.br\/blog\/wp-json\/wp\/v2\/posts\/53\/revisions\/186"}],"wp:attachment":[{"href":"https:\/\/rafadutra.com.br\/blog\/wp-json\/wp\/v2\/media?parent=53"}],"wp:term":[{"taxonomy":"category","embeddable":true,"href":"https:\/\/rafadutra.com.br\/blog\/wp-json\/wp\/v2\/categories?post=53"},{"taxonomy":"post_tag","embeddable":true,"href":"https:\/\/rafadutra.com.br\/blog\/wp-json\/wp\/v2\/tags?post=53"}],"curies":[{"name":"wp","href":"https:\/\/api.w.org\/{rel}","templated":true}]}}